{"id":4412,"date":"2021-10-12T12:55:24","date_gmt":"2021-10-12T10:55:24","guid":{"rendered":"https:\/\/www.bengs-modellbau.de\/magazin\/?p=4412"},"modified":"2024-03-30T09:54:41","modified_gmt":"2024-03-30T07:54:41","slug":"exzenterpresse-mit-fusspedal-entwicklung","status":"publish","type":"post","link":"https:\/\/www.bengs-modellbau.de\/magazin\/4412-exzenterpresse-mit-fusspedal-entwicklung\/","title":{"rendered":"Exzenterpresse mit Fu\u00dfpedal Entwicklung"},"content":{"rendered":"<p>Zur Zeit sind wir dabei zwei Modelle parallel zu entwickeln. Da wir bei dem Vierzylinder Reihenmotor aktuell auf die Musterteile der gegossenen Kipphebel warten und erfahrungsgem\u00e4\u00df vom ersten Muster Teil bis zum fertigen Serienteil einige Monate vergehen k\u00f6nnen habe ich mich entschieden noch ein Antriebsmodell zu entwickeln.<\/p>\n<p><!--more--><\/p>\n<p>Mich haben immer Antriebsmodelle von Excenterpressen schon immer begeistert. Es gab und gibt auch heute noch einige Hersteller die Exzenter Pressen als Modell herstellen. Leider verf\u00fcgen nur wenige Modelle \u00fcber eine Kupplung. Wenn das Modell eine Kupplung hat handelt es sich in der Regel nicht um eine formschl\u00fcssige Kupplung so wie es beim Original verbaut war. Ich m\u00f6chte jedoch eine Exzenter Presse entwickeln die wie ein Original funktioniert und immer nur einen Arbeitszyklus durchf\u00fchrt. Ausgel\u00f6st wird dieser Arbeitszyklus durch einen Tritt auf das Fu\u00dfpedal. Dieses Modell ist schon viele Jahre in Planung bisher konnte ich jedoch keine sch\u00f6ne L\u00f6sung f\u00fcr das Problem finden. Neulich jedoch unterhielt ich mich mit einem befreundeten Ingenieur dem diese Art der Kupplung auch keine Ruhe lie\u00df bis er die L\u00f6sung gefunden hatte.<\/p>\n<h2>Planung und erste Entw\u00fcrfe<\/h2>\n<p>Nachdem ich mir einige Bilder und Zeichnungen von alten Exzenterpressen angesehen habe Konstruierte ich zuerst die Hauptwange. Die Presse sollte auf jeden Fall \u00fcber ein Getriebe verf\u00fcgen um die Drehzahl herunter zu setzen und die Kraft zu erh\u00f6hen. Als Zahnr\u00e4der f\u00fcr das Getriebe konnte ich die Zahnr\u00e4der aus dem Hafenkran verwenden. Die Bleibt die gleiche die inneren ausfr\u00e4sungen mussten jedoch abge\u00e4ndert werden. Nach einigem Hin und her \u00fcberlegen steht nun der 1. Entwurf.<\/p>\n<p><a href=\"https:\/\/www.bengs-modellbau.de\/magazin\/wp-content\/uploads\/2021\/10\/Exzenter-Presse-modellbau.jpg\"><img fetchpriority=\"high\" decoding=\"async\" class=\"alignleft size-large wp-image-4414\" src=\"https:\/\/www.bengs-modellbau.de\/magazin\/wp-content\/uploads\/2021\/10\/Exzenter-Presse-modellbau.jpg\" alt=\"\" width=\"840\" height=\"840\" srcset=\"https:\/\/www.bengs-modellbau.de\/magazin\/wp-content\/uploads\/2021\/10\/Exzenter-Presse-modellbau.jpg 915w, https:\/\/www.bengs-modellbau.de\/magazin\/wp-content\/uploads\/2021\/10\/Exzenter-Presse-modellbau-300x300.jpg 300w, https:\/\/www.bengs-modellbau.de\/magazin\/wp-content\/uploads\/2021\/10\/Exzenter-Presse-modellbau-150x150.jpg 150w, https:\/\/www.bengs-modellbau.de\/magazin\/wp-content\/uploads\/2021\/10\/Exzenter-Presse-modellbau-768x768.jpg 768w\" sizes=\"(max-width: 840px) 100vw, 840px\" \/><\/a><\/p>\n<h2>Erster Prototyp der Exzenterpresse<\/h2>\n<p>Der 1. Prototyp entsteht bereits. Die Hauptwange soll beim sp\u00e4teren Modell aus einem 8 mm Stahl Laserzuschnitt bestehen. Kombiniert mit einigen Messingsteilen die mit dem Sockel verbunden werden entsteht der Eindruck Eines massiven Gu\u00dfteils. Da wir uns noch in einer fr\u00fchen Phase befinden Und sich viele Sachen noch \u00e4ndern k\u00f6nnen wird die 1. Hauptfrage aus einem 8 mm Flachstahl zu ges\u00e4gt und mit einem <a href=\"https:\/\/www.bengs-modellbau.de\/Bandschleifer-BS1500-Bausatz\/9020\">Bandschleifer<\/a> geschliffen. Das fertige Bauteil sieht recht vielversprechend aus.<\/p>\n<p><a href=\"https:\/\/www.bengs-modellbau.de\/magazin\/wp-content\/uploads\/2021\/10\/excenterpresse-bausatz-modell.jpg\"><img decoding=\"async\" class=\"alignleft size-large wp-image-4417\" src=\"https:\/\/www.bengs-modellbau.de\/magazin\/wp-content\/uploads\/2021\/10\/excenterpresse-bausatz-modell-1024x684.jpg\" alt=\"\" width=\"840\" height=\"561\" srcset=\"https:\/\/www.bengs-modellbau.de\/magazin\/wp-content\/uploads\/2021\/10\/excenterpresse-bausatz-modell-1024x684.jpg 1024w, https:\/\/www.bengs-modellbau.de\/magazin\/wp-content\/uploads\/2021\/10\/excenterpresse-bausatz-modell-300x200.jpg 300w, https:\/\/www.bengs-modellbau.de\/magazin\/wp-content\/uploads\/2021\/10\/excenterpresse-bausatz-modell-768x513.jpg 768w, https:\/\/www.bengs-modellbau.de\/magazin\/wp-content\/uploads\/2021\/10\/excenterpresse-bausatz-modell-1536x1025.jpg 1536w, https:\/\/www.bengs-modellbau.de\/magazin\/wp-content\/uploads\/2021\/10\/excenterpresse-bausatz-modell-1200x801.jpg 1200w, https:\/\/www.bengs-modellbau.de\/magazin\/wp-content\/uploads\/2021\/10\/excenterpresse-bausatz-modell.jpg 1600w\" sizes=\"(max-width: 840px) 100vw, 840px\" \/><\/a> <a href=\"https:\/\/www.bengs-modellbau.de\/magazin\/wp-content\/uploads\/2021\/10\/exzenterpresse.modellbau-bengs-modell.jpg\"><img decoding=\"async\" class=\"alignleft size-large wp-image-4418\" src=\"https:\/\/www.bengs-modellbau.de\/magazin\/wp-content\/uploads\/2021\/10\/exzenterpresse.modellbau-bengs-modell-1024x684.jpg\" alt=\"\" width=\"840\" height=\"561\" srcset=\"https:\/\/www.bengs-modellbau.de\/magazin\/wp-content\/uploads\/2021\/10\/exzenterpresse.modellbau-bengs-modell-1024x684.jpg 1024w, https:\/\/www.bengs-modellbau.de\/magazin\/wp-content\/uploads\/2021\/10\/exzenterpresse.modellbau-bengs-modell-300x200.jpg 300w, https:\/\/www.bengs-modellbau.de\/magazin\/wp-content\/uploads\/2021\/10\/exzenterpresse.modellbau-bengs-modell-768x513.jpg 768w, https:\/\/www.bengs-modellbau.de\/magazin\/wp-content\/uploads\/2021\/10\/exzenterpresse.modellbau-bengs-modell-1536x1025.jpg 1536w, https:\/\/www.bengs-modellbau.de\/magazin\/wp-content\/uploads\/2021\/10\/exzenterpresse.modellbau-bengs-modell-1200x801.jpg 1200w, https:\/\/www.bengs-modellbau.de\/magazin\/wp-content\/uploads\/2021\/10\/exzenterpresse.modellbau-bengs-modell.jpg 1600w\" sizes=\"(max-width: 840px) 100vw, 840px\" \/><\/a><\/p>\n<h2>Anbauteile f\u00fcr den 1. Prototypen Der Exzenterpresse<\/h2>\n<p>In den letzten Tagen habe ich St\u00fcck f\u00fcr St\u00fcck alle Anbauteile f\u00fcr die Exzenter Presse hergestellt. Die Hauptwange wurde zus\u00e4tzlich noch mit einer Messingsblende versehen so das das komplette Bauteil jetzt wie ein gussteile wirkt. Somit ist die Presse ihrem historischen Vorbild recht \u00e4hnlich.<\/p>\n<p><a href=\"https:\/\/www.bengs-modellbau.de\/magazin\/wp-content\/uploads\/2021\/10\/ExzenterPresse-Gestell-Modellbau.jpg\"><img loading=\"lazy\" decoding=\"async\" class=\"alignnone size-large wp-image-4473\" src=\"https:\/\/www.bengs-modellbau.de\/magazin\/wp-content\/uploads\/2021\/10\/ExzenterPresse-Gestell-Modellbau-1024x1024.jpg\" alt=\"\" width=\"840\" height=\"840\" srcset=\"https:\/\/www.bengs-modellbau.de\/magazin\/wp-content\/uploads\/2021\/10\/ExzenterPresse-Gestell-Modellbau-1024x1024.jpg 1024w, https:\/\/www.bengs-modellbau.de\/magazin\/wp-content\/uploads\/2021\/10\/ExzenterPresse-Gestell-Modellbau-300x300.jpg 300w, https:\/\/www.bengs-modellbau.de\/magazin\/wp-content\/uploads\/2021\/10\/ExzenterPresse-Gestell-Modellbau-150x150.jpg 150w, https:\/\/www.bengs-modellbau.de\/magazin\/wp-content\/uploads\/2021\/10\/ExzenterPresse-Gestell-Modellbau-768x768.jpg 768w, https:\/\/www.bengs-modellbau.de\/magazin\/wp-content\/uploads\/2021\/10\/ExzenterPresse-Gestell-Modellbau.jpg 1200w\" sizes=\"(max-width: 840px) 100vw, 840px\" \/><\/a><\/p>\n<p>Der Stempel und die Matrize werden bei unserem Modell den Durchmesser 5,5 erhalten das entspricht dem Loch den ein herk\u00f6mmlicher B\u00fcrolocher stanzt. Somit kann die Presse eventuell noch im B\u00fcroalltag hilfreich sein.<\/p>\n<p><a href=\"https:\/\/www.bengs-modellbau.de\/magazin\/wp-content\/uploads\/2021\/10\/ExzenterPresse-Stempel-Matrize.jpg\"><img loading=\"lazy\" decoding=\"async\" class=\"alignnone size-large wp-image-4474\" src=\"https:\/\/www.bengs-modellbau.de\/magazin\/wp-content\/uploads\/2021\/10\/ExzenterPresse-Stempel-Matrize-1024x1024.jpg\" alt=\"\" width=\"840\" height=\"840\" srcset=\"https:\/\/www.bengs-modellbau.de\/magazin\/wp-content\/uploads\/2021\/10\/ExzenterPresse-Stempel-Matrize-1024x1024.jpg 1024w, https:\/\/www.bengs-modellbau.de\/magazin\/wp-content\/uploads\/2021\/10\/ExzenterPresse-Stempel-Matrize-300x300.jpg 300w, https:\/\/www.bengs-modellbau.de\/magazin\/wp-content\/uploads\/2021\/10\/ExzenterPresse-Stempel-Matrize-150x150.jpg 150w, https:\/\/www.bengs-modellbau.de\/magazin\/wp-content\/uploads\/2021\/10\/ExzenterPresse-Stempel-Matrize-768x768.jpg 768w, https:\/\/www.bengs-modellbau.de\/magazin\/wp-content\/uploads\/2021\/10\/ExzenterPresse-Stempel-Matrize.jpg 1200w\" sizes=\"(max-width: 840px) 100vw, 840px\" \/><\/a><\/p>\n<p>Alle weiteren Bauteile sind jetzt ebenfalls fertig. Zusammengebaut wirkt die Exzenterpresse recht gut gelungen. Ich pers\u00f6nlich finde sie noch etwas zu hoch und werde Die Zeichnung jetzt noch einmal um konstruieren um die Presse etwas niedriger Bauen zu k\u00f6nnen ich glaube dann Passt sie von der Gr\u00f6\u00dfe besser zu unseren bestehenden Dampfmaschinen.<\/p>\n<p><a href=\"https:\/\/www.bengs-modellbau.de\/magazin\/wp-content\/uploads\/2021\/10\/Modellbau-ExzenterPresse-Bengs.jpg\"><img loading=\"lazy\" decoding=\"async\" class=\"alignnone size-large wp-image-4475\" src=\"https:\/\/www.bengs-modellbau.de\/magazin\/wp-content\/uploads\/2021\/10\/Modellbau-ExzenterPresse-Bengs-683x1024.jpg\" alt=\"\" width=\"683\" height=\"1024\" srcset=\"https:\/\/www.bengs-modellbau.de\/magazin\/wp-content\/uploads\/2021\/10\/Modellbau-ExzenterPresse-Bengs-683x1024.jpg 683w, https:\/\/www.bengs-modellbau.de\/magazin\/wp-content\/uploads\/2021\/10\/Modellbau-ExzenterPresse-Bengs-200x300.jpg 200w, https:\/\/www.bengs-modellbau.de\/magazin\/wp-content\/uploads\/2021\/10\/Modellbau-ExzenterPresse-Bengs-768x1152.jpg 768w, https:\/\/www.bengs-modellbau.de\/magazin\/wp-content\/uploads\/2021\/10\/Modellbau-ExzenterPresse-Bengs.jpg 800w\" sizes=\"(max-width: 683px) 100vw, 683px\" \/><\/a><\/p>\n<h2>Der 2. Prototyp entsteht<\/h2>\n<p>nachdem ich zuerst die Zeichnungen korrigiert und angepasst habe beginnt nun der Bau des 2. Prototyps. Beim Betrieb der Exzenterpresse haben sich noch ein paar Sachen ergeben die jetzt noch ge\u00e4ndert werden.<\/p>\n<p><a href=\"https:\/\/www.bengs-modellbau.de\/magazin\/wp-content\/uploads\/2021\/10\/ExcenterPresse-Antriebsmodell-Modellbau.jpg\"><img loading=\"lazy\" decoding=\"async\" class=\"alignnone size-large wp-image-4482\" src=\"https:\/\/www.bengs-modellbau.de\/magazin\/wp-content\/uploads\/2021\/10\/ExcenterPresse-Antriebsmodell-Modellbau-1024x1024.jpg\" alt=\"\" width=\"840\" height=\"840\" srcset=\"https:\/\/www.bengs-modellbau.de\/magazin\/wp-content\/uploads\/2021\/10\/ExcenterPresse-Antriebsmodell-Modellbau-1024x1024.jpg 1024w, https:\/\/www.bengs-modellbau.de\/magazin\/wp-content\/uploads\/2021\/10\/ExcenterPresse-Antriebsmodell-Modellbau-300x300.jpg 300w, https:\/\/www.bengs-modellbau.de\/magazin\/wp-content\/uploads\/2021\/10\/ExcenterPresse-Antriebsmodell-Modellbau-150x150.jpg 150w, https:\/\/www.bengs-modellbau.de\/magazin\/wp-content\/uploads\/2021\/10\/ExcenterPresse-Antriebsmodell-Modellbau-768x768.jpg 768w, https:\/\/www.bengs-modellbau.de\/magazin\/wp-content\/uploads\/2021\/10\/ExcenterPresse-Antriebsmodell-Modellbau-1536x1536.jpg 1536w, https:\/\/www.bengs-modellbau.de\/magazin\/wp-content\/uploads\/2021\/10\/ExcenterPresse-Antriebsmodell-Modellbau-1200x1200.jpg 1200w, https:\/\/www.bengs-modellbau.de\/magazin\/wp-content\/uploads\/2021\/10\/ExcenterPresse-Antriebsmodell-Modellbau.jpg 1600w\" sizes=\"(max-width: 840px) 100vw, 840px\" \/><\/a><a href=\"https:\/\/www.bengs-modellbau.de\/magazin\/wp-content\/uploads\/2021\/10\/ExcenterPresse-modellbau-bausatz-messing.jpg\"><img loading=\"lazy\" decoding=\"async\" class=\"alignnone size-large wp-image-4490\" src=\"https:\/\/www.bengs-modellbau.de\/magazin\/wp-content\/uploads\/2021\/10\/ExcenterPresse-modellbau-bausatz-messing-1024x1024.jpg\" alt=\"\" width=\"840\" height=\"840\" srcset=\"https:\/\/www.bengs-modellbau.de\/magazin\/wp-content\/uploads\/2021\/10\/ExcenterPresse-modellbau-bausatz-messing-1024x1024.jpg 1024w, https:\/\/www.bengs-modellbau.de\/magazin\/wp-content\/uploads\/2021\/10\/ExcenterPresse-modellbau-bausatz-messing-300x300.jpg 300w, https:\/\/www.bengs-modellbau.de\/magazin\/wp-content\/uploads\/2021\/10\/ExcenterPresse-modellbau-bausatz-messing-150x150.jpg 150w, https:\/\/www.bengs-modellbau.de\/magazin\/wp-content\/uploads\/2021\/10\/ExcenterPresse-modellbau-bausatz-messing-768x769.jpg 768w, https:\/\/www.bengs-modellbau.de\/magazin\/wp-content\/uploads\/2021\/10\/ExcenterPresse-modellbau-bausatz-messing.jpg 1199w\" sizes=\"(max-width: 840px) 100vw, 840px\" \/><\/a><\/p>\n<p><a href=\"https:\/\/www.bengs-modellbau.de\/magazin\/wp-content\/uploads\/2021\/10\/Prototyp-excenterpresse-bausatz.jpg\"><img loading=\"lazy\" decoding=\"async\" class=\"alignnone size-large wp-image-4491\" src=\"https:\/\/www.bengs-modellbau.de\/magazin\/wp-content\/uploads\/2021\/10\/Prototyp-excenterpresse-bausatz-1024x684.jpg\" alt=\"\" width=\"840\" height=\"561\" srcset=\"https:\/\/www.bengs-modellbau.de\/magazin\/wp-content\/uploads\/2021\/10\/Prototyp-excenterpresse-bausatz-1024x684.jpg 1024w, https:\/\/www.bengs-modellbau.de\/magazin\/wp-content\/uploads\/2021\/10\/Prototyp-excenterpresse-bausatz-300x200.jpg 300w, https:\/\/www.bengs-modellbau.de\/magazin\/wp-content\/uploads\/2021\/10\/Prototyp-excenterpresse-bausatz-768x513.jpg 768w, https:\/\/www.bengs-modellbau.de\/magazin\/wp-content\/uploads\/2021\/10\/Prototyp-excenterpresse-bausatz-1536x1025.jpg 1536w, https:\/\/www.bengs-modellbau.de\/magazin\/wp-content\/uploads\/2021\/10\/Prototyp-excenterpresse-bausatz-1200x801.jpg 1200w, https:\/\/www.bengs-modellbau.de\/magazin\/wp-content\/uploads\/2021\/10\/Prototyp-excenterpresse-bausatz.jpg 1600w\" sizes=\"(max-width: 840px) 100vw, 840px\" \/><\/a><\/p>\n<p>Die 2. Version der Presse habe ich um ca. 10 mm verkleinert. Dadurch passt sie vom Ma\u00dfstab besser zu unseren <a href=\"https:\/\/www.bengs-modellbau.de\/materialbausaetze\/dampfmaschinen\/stehende-dampfmaschine-leni-mit-umsteuerung\">Dampfmaschinen Leni<\/a> und Danni. Der Block in den der Stempel eingespannt wird wurde ebenfalls etwas ver\u00e4ndert und ist von der Konstruktion jetzt n\u00e4her am Historischen Original.<\/p>\n<h2>Der Bau des finalen Modells\/Fotomodell<\/h2>\n<p>Nachdem die endg\u00fcltige Bauform des Modells feststeht konnte ich die Laserteile f\u00fcr das Gestell bestellen. In der Zwischenzeit erstelle ich die St\u00fccklisten und beginne mit der Bauanleitung. Das endg\u00fcltige Modell m\u00f6chte ich mit den Laserteilen aufbauen um zu pr\u00fcfen ob die Bauteile passen.<\/p>\n<p><a href=\"https:\/\/www.bengs-modellbau.de\/magazin\/wp-content\/uploads\/2021\/10\/Laserteile-excenterpresse.jpg\"><img loading=\"lazy\" decoding=\"async\" class=\"alignnone size-large wp-image-4492\" src=\"https:\/\/www.bengs-modellbau.de\/magazin\/wp-content\/uploads\/2021\/10\/Laserteile-excenterpresse-1024x1024.jpg\" alt=\"\" width=\"840\" height=\"840\" srcset=\"https:\/\/www.bengs-modellbau.de\/magazin\/wp-content\/uploads\/2021\/10\/Laserteile-excenterpresse-1024x1024.jpg 1024w, https:\/\/www.bengs-modellbau.de\/magazin\/wp-content\/uploads\/2021\/10\/Laserteile-excenterpresse-300x300.jpg 300w, https:\/\/www.bengs-modellbau.de\/magazin\/wp-content\/uploads\/2021\/10\/Laserteile-excenterpresse-150x150.jpg 150w, https:\/\/www.bengs-modellbau.de\/magazin\/wp-content\/uploads\/2021\/10\/Laserteile-excenterpresse-768x768.jpg 768w, https:\/\/www.bengs-modellbau.de\/magazin\/wp-content\/uploads\/2021\/10\/Laserteile-excenterpresse-1536x1536.jpg 1536w, https:\/\/www.bengs-modellbau.de\/magazin\/wp-content\/uploads\/2021\/10\/Laserteile-excenterpresse-1200x1201.jpg 1200w, https:\/\/www.bengs-modellbau.de\/magazin\/wp-content\/uploads\/2021\/10\/Laserteile-excenterpresse.jpg 1599w\" sizes=\"(max-width: 840px) 100vw, 840px\" \/><\/a><\/p>\n<p>Die Laserteile sind angekommen! Die Bauteile bestehen aus 8\u00a0 mm Stahl. Die Schnittkanten sind sehr sch\u00f6n sauber geworden. Jetzt kann der Aufbau des endg\u00fcltigen Modells beginnen.<\/p>\n<p>&nbsp;<\/p>\n","protected":false},"excerpt":{"rendered":"<p>Zur Zeit sind wir dabei zwei Modelle parallel zu entwickeln. Da wir bei dem Vierzylinder Reihenmotor aktuell auf die Musterteile der gegossenen Kipphebel warten und erfahrungsgem\u00e4\u00df vom ersten Muster Teil bis zum fertigen Serienteil einige Monate vergehen k\u00f6nnen habe ich mich entschieden noch ein Antriebsmodell zu entwickeln.<\/p>\n","protected":false},"author":1,"featured_media":0,"comment_status":"closed","ping_status":"closed","sticky":false,"template":"","format":"standard","meta":{"footnotes":""},"categories":[46],"tags":[20,67],"class_list":["post-4412","post","type-post","status-publish","format-standard","hentry","category-baubericht","tag-bauberichte","tag-exzenterpresse"],"yoast_head":"<!-- This site is optimized with the Yoast SEO plugin v27.4 - https:\/\/yoast.com\/product\/yoast-seo-wordpress\/ -->\n<title>Exzenterpresse mit Fu\u00dfpedal Entwicklung - Bengs Modellbau Magazin<\/title>\n<meta name=\"description\" content=\"Wir entwickeln eine Exzenterpresse mit Fu\u00dfpedal in Modellbaugr\u00f6\u00dfe. Die Exzenterpresse verf\u00fcgt \u00fcber ein Fu\u00dfpedal und eine formschl\u00fcssige Kupplung.\" \/>\n<meta name=\"robots\" content=\"index, follow, max-snippet:-1, max-image-preview:large, max-video-preview:-1\" \/>\n<link rel=\"canonical\" href=\"https:\/\/www.bengs-modellbau.de\/magazin\/4412-exzenterpresse-mit-fusspedal-entwicklung\/\" \/>\n<meta property=\"og:locale\" content=\"de_DE\" \/>\n<meta property=\"og:type\" content=\"article\" \/>\n<meta property=\"og:title\" content=\"Exzenterpresse mit Fu\u00dfpedal Entwicklung - Bengs Modellbau Magazin\" \/>\n<meta property=\"og:description\" content=\"Wir entwickeln eine Exzenterpresse mit Fu\u00dfpedal in Modellbaugr\u00f6\u00dfe. Die Exzenterpresse verf\u00fcgt \u00fcber ein Fu\u00dfpedal und eine formschl\u00fcssige Kupplung.\" \/>\n<meta property=\"og:url\" content=\"https:\/\/www.bengs-modellbau.de\/magazin\/4412-exzenterpresse-mit-fusspedal-entwicklung\/\" \/>\n<meta property=\"og:site_name\" content=\"Bengs Modellbau Magazin\" \/>\n<meta property=\"article:published_time\" content=\"2021-10-12T10:55:24+00:00\" \/>\n<meta property=\"article:modified_time\" content=\"2024-03-30T07:54:41+00:00\" \/>\n<meta property=\"og:image\" content=\"https:\/\/www.bengs-modellbau.de\/magazin\/wp-content\/uploads\/2021\/10\/Exzenter-Presse-modellbau.jpg\" \/>\n<meta name=\"author\" content=\"Bengs Modellbau\" \/>\n<meta name=\"twitter:card\" content=\"summary_large_image\" \/>\n<meta name=\"twitter:label1\" content=\"Verfasst von\" \/>\n\t<meta name=\"twitter:data1\" content=\"Bengs Modellbau\" \/>\n\t<meta name=\"twitter:label2\" content=\"Gesch\u00e4tzte Lesezeit\" \/>\n\t<meta name=\"twitter:data2\" content=\"3\u00a0Minuten\" \/>\n<script type=\"application\/ld+json\" class=\"yoast-schema-graph\">{\"@context\":\"https:\\\/\\\/schema.org\",\"@graph\":[{\"@type\":\"Article\",\"@id\":\"https:\\\/\\\/www.bengs-modellbau.de\\\/magazin\\\/4412-exzenterpresse-mit-fusspedal-entwicklung\\\/#article\",\"isPartOf\":{\"@id\":\"https:\\\/\\\/www.bengs-modellbau.de\\\/magazin\\\/4412-exzenterpresse-mit-fusspedal-entwicklung\\\/\"},\"author\":{\"name\":\"Bengs Modellbau\",\"@id\":\"https:\\\/\\\/www.bengs-modellbau.de\\\/magazin\\\/#\\\/schema\\\/person\\\/6801cd5791c2a0aa20bc5b0438d47142\"},\"headline\":\"Exzenterpresse mit Fu\u00dfpedal Entwicklung\",\"datePublished\":\"2021-10-12T10:55:24+00:00\",\"dateModified\":\"2024-03-30T07:54:41+00:00\",\"mainEntityOfPage\":{\"@id\":\"https:\\\/\\\/www.bengs-modellbau.de\\\/magazin\\\/4412-exzenterpresse-mit-fusspedal-entwicklung\\\/\"},\"wordCount\":662,\"publisher\":{\"@id\":\"https:\\\/\\\/www.bengs-modellbau.de\\\/magazin\\\/#organization\"},\"image\":{\"@id\":\"https:\\\/\\\/www.bengs-modellbau.de\\\/magazin\\\/4412-exzenterpresse-mit-fusspedal-entwicklung\\\/#primaryimage\"},\"thumbnailUrl\":\"https:\\\/\\\/www.bengs-modellbau.de\\\/magazin\\\/wp-content\\\/uploads\\\/2021\\\/10\\\/Exzenter-Presse-modellbau.jpg\",\"keywords\":[\"Bauberichte\",\"Exzenterpresse\"],\"articleSection\":[\"Baubericht\"],\"inLanguage\":\"de\"},{\"@type\":\"WebPage\",\"@id\":\"https:\\\/\\\/www.bengs-modellbau.de\\\/magazin\\\/4412-exzenterpresse-mit-fusspedal-entwicklung\\\/\",\"url\":\"https:\\\/\\\/www.bengs-modellbau.de\\\/magazin\\\/4412-exzenterpresse-mit-fusspedal-entwicklung\\\/\",\"name\":\"Exzenterpresse mit Fu\u00dfpedal Entwicklung - Bengs Modellbau Magazin\",\"isPartOf\":{\"@id\":\"https:\\\/\\\/www.bengs-modellbau.de\\\/magazin\\\/#website\"},\"primaryImageOfPage\":{\"@id\":\"https:\\\/\\\/www.bengs-modellbau.de\\\/magazin\\\/4412-exzenterpresse-mit-fusspedal-entwicklung\\\/#primaryimage\"},\"image\":{\"@id\":\"https:\\\/\\\/www.bengs-modellbau.de\\\/magazin\\\/4412-exzenterpresse-mit-fusspedal-entwicklung\\\/#primaryimage\"},\"thumbnailUrl\":\"https:\\\/\\\/www.bengs-modellbau.de\\\/magazin\\\/wp-content\\\/uploads\\\/2021\\\/10\\\/Exzenter-Presse-modellbau.jpg\",\"datePublished\":\"2021-10-12T10:55:24+00:00\",\"dateModified\":\"2024-03-30T07:54:41+00:00\",\"description\":\"Wir entwickeln eine Exzenterpresse mit Fu\u00dfpedal in Modellbaugr\u00f6\u00dfe. Die Exzenterpresse verf\u00fcgt \u00fcber ein Fu\u00dfpedal und eine formschl\u00fcssige Kupplung.\",\"breadcrumb\":{\"@id\":\"https:\\\/\\\/www.bengs-modellbau.de\\\/magazin\\\/4412-exzenterpresse-mit-fusspedal-entwicklung\\\/#breadcrumb\"},\"inLanguage\":\"de\",\"potentialAction\":[{\"@type\":\"ReadAction\",\"target\":[\"https:\\\/\\\/www.bengs-modellbau.de\\\/magazin\\\/4412-exzenterpresse-mit-fusspedal-entwicklung\\\/\"]}]},{\"@type\":\"ImageObject\",\"inLanguage\":\"de\",\"@id\":\"https:\\\/\\\/www.bengs-modellbau.de\\\/magazin\\\/4412-exzenterpresse-mit-fusspedal-entwicklung\\\/#primaryimage\",\"url\":\"https:\\\/\\\/www.bengs-modellbau.de\\\/magazin\\\/wp-content\\\/uploads\\\/2021\\\/10\\\/Exzenter-Presse-modellbau.jpg\",\"contentUrl\":\"https:\\\/\\\/www.bengs-modellbau.de\\\/magazin\\\/wp-content\\\/uploads\\\/2021\\\/10\\\/Exzenter-Presse-modellbau.jpg\",\"width\":915,\"height\":915},{\"@type\":\"BreadcrumbList\",\"@id\":\"https:\\\/\\\/www.bengs-modellbau.de\\\/magazin\\\/4412-exzenterpresse-mit-fusspedal-entwicklung\\\/#breadcrumb\",\"itemListElement\":[{\"@type\":\"ListItem\",\"position\":1,\"name\":\"Startseite\",\"item\":\"https:\\\/\\\/www.bengs-modellbau.de\\\/magazin\\\/\"},{\"@type\":\"ListItem\",\"position\":2,\"name\":\"Exzenterpresse mit Fu\u00dfpedal Entwicklung\"}]},{\"@type\":\"WebSite\",\"@id\":\"https:\\\/\\\/www.bengs-modellbau.de\\\/magazin\\\/#website\",\"url\":\"https:\\\/\\\/www.bengs-modellbau.de\\\/magazin\\\/\",\"name\":\"Bengs Modellbau Magazin\",\"description\":\"\",\"publisher\":{\"@id\":\"https:\\\/\\\/www.bengs-modellbau.de\\\/magazin\\\/#organization\"},\"potentialAction\":[{\"@type\":\"SearchAction\",\"target\":{\"@type\":\"EntryPoint\",\"urlTemplate\":\"https:\\\/\\\/www.bengs-modellbau.de\\\/magazin\\\/?s={search_term_string}\"},\"query-input\":{\"@type\":\"PropertyValueSpecification\",\"valueRequired\":true,\"valueName\":\"search_term_string\"}}],\"inLanguage\":\"de\"},{\"@type\":\"Organization\",\"@id\":\"https:\\\/\\\/www.bengs-modellbau.de\\\/magazin\\\/#organization\",\"name\":\"Bengs Modellbau Magazin\",\"url\":\"https:\\\/\\\/www.bengs-modellbau.de\\\/magazin\\\/\",\"logo\":{\"@type\":\"ImageObject\",\"inLanguage\":\"de\",\"@id\":\"https:\\\/\\\/www.bengs-modellbau.de\\\/magazin\\\/#\\\/schema\\\/logo\\\/image\\\/\",\"url\":\"https:\\\/\\\/www.bengs-modellbau.de\\\/magazin\\\/wp-content\\\/uploads\\\/2024\\\/01\\\/logo-bengs-ebay-2.jpg\",\"contentUrl\":\"https:\\\/\\\/www.bengs-modellbau.de\\\/magazin\\\/wp-content\\\/uploads\\\/2024\\\/01\\\/logo-bengs-ebay-2.jpg\",\"width\":369,\"height\":167,\"caption\":\"Bengs Modellbau Magazin\"},\"image\":{\"@id\":\"https:\\\/\\\/www.bengs-modellbau.de\\\/magazin\\\/#\\\/schema\\\/logo\\\/image\\\/\"}},{\"@type\":\"Person\",\"@id\":\"https:\\\/\\\/www.bengs-modellbau.de\\\/magazin\\\/#\\\/schema\\\/person\\\/6801cd5791c2a0aa20bc5b0438d47142\",\"name\":\"Bengs Modellbau\",\"image\":{\"@type\":\"ImageObject\",\"inLanguage\":\"de\",\"@id\":\"https:\\\/\\\/www.bengs-modellbau.de\\\/magazin\\\/wp-content\\\/plugins\\\/avatar-privacy\\\/public\\\/images\\\/mystery.svg\",\"url\":\"https:\\\/\\\/www.bengs-modellbau.de\\\/magazin\\\/wp-content\\\/plugins\\\/avatar-privacy\\\/public\\\/images\\\/mystery.svg\",\"contentUrl\":\"https:\\\/\\\/www.bengs-modellbau.de\\\/magazin\\\/wp-content\\\/plugins\\\/avatar-privacy\\\/public\\\/images\\\/mystery.svg\",\"caption\":\"Bengs Modellbau\"},\"description\":\"Manche Menschen tr\u00e4umen davon, das Hobby zum Beruf zu machen, aber den Wenigsten gelingt das. Einer, der das verwirklichte ist Patrick Bengs, unter uns Modellbauern schon seit Jahren ein fester Begriff. Bereits als Jugendlicher betrieb der junge Patrick den Modellbau, es waren Flugmodelle, Schiffsmodelle und auch Dampfmaschinen. Da sein Vater einen Metallberuf aus\u00fcbte und es im Hause der Familie Bengs auch eine Drehmaschine gab, gelang ihm der Bau von Dampfmaschinen. Und so erlernte der junge Patrick fast zwangsl\u00e4ufig den Beruf des Industriemechanikers. Der Modellbau aber lie\u00df ihn einfach nicht los und irgendwann verkaufte er bei Ebay eine selbstgebaute Dampfmaschine. Das war dann die Initialz\u00fcndung f\u00fcr eine Gesch\u00e4ftsidee! Im Jahr 2003 gr\u00fcndete Patrick Bengs eine kleine Firma f\u00fcr technischen Modellbau, die er als Nebenerwerb betrieb. Sehr schnell stellte sich gro\u00dfer Erfolg ein und so war schon zwei Jahre sp\u00e4ter, also im Jahre 2005, der Sprung in die volle Selbstst\u00e4ndigkeit mit der Modellbausparte angesagt.\"}]}<\/script>\n<!-- \/ Yoast SEO plugin. -->","yoast_head_json":{"title":"Exzenterpresse mit Fu\u00dfpedal Entwicklung - Bengs Modellbau Magazin","description":"Wir entwickeln eine Exzenterpresse mit Fu\u00dfpedal in Modellbaugr\u00f6\u00dfe. Die Exzenterpresse verf\u00fcgt \u00fcber ein Fu\u00dfpedal und eine formschl\u00fcssige Kupplung.","robots":{"index":"index","follow":"follow","max-snippet":"max-snippet:-1","max-image-preview":"max-image-preview:large","max-video-preview":"max-video-preview:-1"},"canonical":"https:\/\/www.bengs-modellbau.de\/magazin\/4412-exzenterpresse-mit-fusspedal-entwicklung\/","og_locale":"de_DE","og_type":"article","og_title":"Exzenterpresse mit Fu\u00dfpedal Entwicklung - Bengs Modellbau Magazin","og_description":"Wir entwickeln eine Exzenterpresse mit Fu\u00dfpedal in Modellbaugr\u00f6\u00dfe. Die Exzenterpresse verf\u00fcgt \u00fcber ein Fu\u00dfpedal und eine formschl\u00fcssige Kupplung.","og_url":"https:\/\/www.bengs-modellbau.de\/magazin\/4412-exzenterpresse-mit-fusspedal-entwicklung\/","og_site_name":"Bengs Modellbau Magazin","article_published_time":"2021-10-12T10:55:24+00:00","article_modified_time":"2024-03-30T07:54:41+00:00","og_image":[{"url":"https:\/\/www.bengs-modellbau.de\/magazin\/wp-content\/uploads\/2021\/10\/Exzenter-Presse-modellbau.jpg","type":"","width":"","height":""}],"author":"Bengs Modellbau","twitter_card":"summary_large_image","twitter_misc":{"Verfasst von":"Bengs Modellbau","Gesch\u00e4tzte Lesezeit":"3\u00a0Minuten"},"schema":{"@context":"https:\/\/schema.org","@graph":[{"@type":"Article","@id":"https:\/\/www.bengs-modellbau.de\/magazin\/4412-exzenterpresse-mit-fusspedal-entwicklung\/#article","isPartOf":{"@id":"https:\/\/www.bengs-modellbau.de\/magazin\/4412-exzenterpresse-mit-fusspedal-entwicklung\/"},"author":{"name":"Bengs Modellbau","@id":"https:\/\/www.bengs-modellbau.de\/magazin\/#\/schema\/person\/6801cd5791c2a0aa20bc5b0438d47142"},"headline":"Exzenterpresse mit Fu\u00dfpedal Entwicklung","datePublished":"2021-10-12T10:55:24+00:00","dateModified":"2024-03-30T07:54:41+00:00","mainEntityOfPage":{"@id":"https:\/\/www.bengs-modellbau.de\/magazin\/4412-exzenterpresse-mit-fusspedal-entwicklung\/"},"wordCount":662,"publisher":{"@id":"https:\/\/www.bengs-modellbau.de\/magazin\/#organization"},"image":{"@id":"https:\/\/www.bengs-modellbau.de\/magazin\/4412-exzenterpresse-mit-fusspedal-entwicklung\/#primaryimage"},"thumbnailUrl":"https:\/\/www.bengs-modellbau.de\/magazin\/wp-content\/uploads\/2021\/10\/Exzenter-Presse-modellbau.jpg","keywords":["Bauberichte","Exzenterpresse"],"articleSection":["Baubericht"],"inLanguage":"de"},{"@type":"WebPage","@id":"https:\/\/www.bengs-modellbau.de\/magazin\/4412-exzenterpresse-mit-fusspedal-entwicklung\/","url":"https:\/\/www.bengs-modellbau.de\/magazin\/4412-exzenterpresse-mit-fusspedal-entwicklung\/","name":"Exzenterpresse mit Fu\u00dfpedal Entwicklung - Bengs Modellbau Magazin","isPartOf":{"@id":"https:\/\/www.bengs-modellbau.de\/magazin\/#website"},"primaryImageOfPage":{"@id":"https:\/\/www.bengs-modellbau.de\/magazin\/4412-exzenterpresse-mit-fusspedal-entwicklung\/#primaryimage"},"image":{"@id":"https:\/\/www.bengs-modellbau.de\/magazin\/4412-exzenterpresse-mit-fusspedal-entwicklung\/#primaryimage"},"thumbnailUrl":"https:\/\/www.bengs-modellbau.de\/magazin\/wp-content\/uploads\/2021\/10\/Exzenter-Presse-modellbau.jpg","datePublished":"2021-10-12T10:55:24+00:00","dateModified":"2024-03-30T07:54:41+00:00","description":"Wir entwickeln eine Exzenterpresse mit Fu\u00dfpedal in Modellbaugr\u00f6\u00dfe. Die Exzenterpresse verf\u00fcgt \u00fcber ein Fu\u00dfpedal und eine formschl\u00fcssige Kupplung.","breadcrumb":{"@id":"https:\/\/www.bengs-modellbau.de\/magazin\/4412-exzenterpresse-mit-fusspedal-entwicklung\/#breadcrumb"},"inLanguage":"de","potentialAction":[{"@type":"ReadAction","target":["https:\/\/www.bengs-modellbau.de\/magazin\/4412-exzenterpresse-mit-fusspedal-entwicklung\/"]}]},{"@type":"ImageObject","inLanguage":"de","@id":"https:\/\/www.bengs-modellbau.de\/magazin\/4412-exzenterpresse-mit-fusspedal-entwicklung\/#primaryimage","url":"https:\/\/www.bengs-modellbau.de\/magazin\/wp-content\/uploads\/2021\/10\/Exzenter-Presse-modellbau.jpg","contentUrl":"https:\/\/www.bengs-modellbau.de\/magazin\/wp-content\/uploads\/2021\/10\/Exzenter-Presse-modellbau.jpg","width":915,"height":915},{"@type":"BreadcrumbList","@id":"https:\/\/www.bengs-modellbau.de\/magazin\/4412-exzenterpresse-mit-fusspedal-entwicklung\/#breadcrumb","itemListElement":[{"@type":"ListItem","position":1,"name":"Startseite","item":"https:\/\/www.bengs-modellbau.de\/magazin\/"},{"@type":"ListItem","position":2,"name":"Exzenterpresse mit Fu\u00dfpedal Entwicklung"}]},{"@type":"WebSite","@id":"https:\/\/www.bengs-modellbau.de\/magazin\/#website","url":"https:\/\/www.bengs-modellbau.de\/magazin\/","name":"Bengs Modellbau Magazin","description":"","publisher":{"@id":"https:\/\/www.bengs-modellbau.de\/magazin\/#organization"},"potentialAction":[{"@type":"SearchAction","target":{"@type":"EntryPoint","urlTemplate":"https:\/\/www.bengs-modellbau.de\/magazin\/?s={search_term_string}"},"query-input":{"@type":"PropertyValueSpecification","valueRequired":true,"valueName":"search_term_string"}}],"inLanguage":"de"},{"@type":"Organization","@id":"https:\/\/www.bengs-modellbau.de\/magazin\/#organization","name":"Bengs Modellbau Magazin","url":"https:\/\/www.bengs-modellbau.de\/magazin\/","logo":{"@type":"ImageObject","inLanguage":"de","@id":"https:\/\/www.bengs-modellbau.de\/magazin\/#\/schema\/logo\/image\/","url":"https:\/\/www.bengs-modellbau.de\/magazin\/wp-content\/uploads\/2024\/01\/logo-bengs-ebay-2.jpg","contentUrl":"https:\/\/www.bengs-modellbau.de\/magazin\/wp-content\/uploads\/2024\/01\/logo-bengs-ebay-2.jpg","width":369,"height":167,"caption":"Bengs Modellbau Magazin"},"image":{"@id":"https:\/\/www.bengs-modellbau.de\/magazin\/#\/schema\/logo\/image\/"}},{"@type":"Person","@id":"https:\/\/www.bengs-modellbau.de\/magazin\/#\/schema\/person\/6801cd5791c2a0aa20bc5b0438d47142","name":"Bengs Modellbau","image":{"@type":"ImageObject","inLanguage":"de","@id":"https:\/\/www.bengs-modellbau.de\/magazin\/wp-content\/plugins\/avatar-privacy\/public\/images\/mystery.svg","url":"https:\/\/www.bengs-modellbau.de\/magazin\/wp-content\/plugins\/avatar-privacy\/public\/images\/mystery.svg","contentUrl":"https:\/\/www.bengs-modellbau.de\/magazin\/wp-content\/plugins\/avatar-privacy\/public\/images\/mystery.svg","caption":"Bengs Modellbau"},"description":"Manche Menschen tr\u00e4umen davon, das Hobby zum Beruf zu machen, aber den Wenigsten gelingt das. Einer, der das verwirklichte ist Patrick Bengs, unter uns Modellbauern schon seit Jahren ein fester Begriff. Bereits als Jugendlicher betrieb der junge Patrick den Modellbau, es waren Flugmodelle, Schiffsmodelle und auch Dampfmaschinen. Da sein Vater einen Metallberuf aus\u00fcbte und es im Hause der Familie Bengs auch eine Drehmaschine gab, gelang ihm der Bau von Dampfmaschinen. Und so erlernte der junge Patrick fast zwangsl\u00e4ufig den Beruf des Industriemechanikers. Der Modellbau aber lie\u00df ihn einfach nicht los und irgendwann verkaufte er bei Ebay eine selbstgebaute Dampfmaschine. Das war dann die Initialz\u00fcndung f\u00fcr eine Gesch\u00e4ftsidee! Im Jahr 2003 gr\u00fcndete Patrick Bengs eine kleine Firma f\u00fcr technischen Modellbau, die er als Nebenerwerb betrieb. Sehr schnell stellte sich gro\u00dfer Erfolg ein und so war schon zwei Jahre sp\u00e4ter, also im Jahre 2005, der Sprung in die volle Selbstst\u00e4ndigkeit mit der Modellbausparte angesagt."}]}},"_links":{"self":[{"href":"https:\/\/www.bengs-modellbau.de\/magazin\/wp-json\/wp\/v2\/posts\/4412","targetHints":{"allow":["GET"]}}],"collection":[{"href":"https:\/\/www.bengs-modellbau.de\/magazin\/wp-json\/wp\/v2\/posts"}],"about":[{"href":"https:\/\/www.bengs-modellbau.de\/magazin\/wp-json\/wp\/v2\/types\/post"}],"author":[{"embeddable":true,"href":"https:\/\/www.bengs-modellbau.de\/magazin\/wp-json\/wp\/v2\/users\/1"}],"replies":[{"embeddable":true,"href":"https:\/\/www.bengs-modellbau.de\/magazin\/wp-json\/wp\/v2\/comments?post=4412"}],"version-history":[{"count":9,"href":"https:\/\/www.bengs-modellbau.de\/magazin\/wp-json\/wp\/v2\/posts\/4412\/revisions"}],"predecessor-version":[{"id":5238,"href":"https:\/\/www.bengs-modellbau.de\/magazin\/wp-json\/wp\/v2\/posts\/4412\/revisions\/5238"}],"wp:attachment":[{"href":"https:\/\/www.bengs-modellbau.de\/magazin\/wp-json\/wp\/v2\/media?parent=4412"}],"wp:term":[{"taxonomy":"category","embeddable":true,"href":"https:\/\/www.bengs-modellbau.de\/magazin\/wp-json\/wp\/v2\/categories?post=4412"},{"taxonomy":"post_tag","embeddable":true,"href":"https:\/\/www.bengs-modellbau.de\/magazin\/wp-json\/wp\/v2\/tags?post=4412"}],"curies":[{"name":"wp","href":"https:\/\/api.w.org\/{rel}","templated":true}]}}